[{"@context":"https:\/\/schema.org\/","@type":"Article","@id":"https:\/\/www.terosat.cz\/zamereno-na-plet\/#Article","mainEntityOfPage":"https:\/\/www.terosat.cz\/zamereno-na-plet\/","headline":"Zam\u011b\u0159eno na ple\u0165","name":"Zam\u011b\u0159eno na ple\u0165","description":"Kter\u00e1 \u017eena by se necht\u011bla c\u00edtit hezk\u00e1 a p\u0159ita\u017eliv\u00e1? Kr\u00e1sn\u00e9 vlasy, postava a oble\u010den\u00ed v\u0161ak nejsou v\u0161e, co d\u011bl\u00e1 \u017eenu kr\u00e1snou. Pravdou je, \u017ee p\u0159edev\u0161\u00edm kvalita pleti velmi ovliv\u0148uje na\u0161e vlastn\u00ed sebehodnocen\u00ed a pocit spokojenosti. Proto\u017ee jsme v\u0161ak denn\u011b vystavov\u00e1ny \u0161kodliv\u00fdm vliv\u016fm okoln\u00edho prost\u0159ed\u00ed, na\u0161e ple\u0165 na n\u011b z\u00e1konit\u011b negativn\u011b reaguje. Venkovn\u00ed prost\u0159ed\u00ed, zne\u010di\u0161t\u011bn\u00ed, stres, [&hellip;]","datePublished":"2023-05-07","dateModified":"2023-05-07","author":{"@type":"Person","@id":"https:\/\/www.terosat.cz\/author\/#Person","name":"","url":"https:\/\/www.terosat.cz\/author\/","identifier":1,"image":{"@type":"ImageObject","@id":"https:\/\/secure.gravatar.com\/avatar\/0c97be8873d84c78e7a3da39294dc9e209ea44cdddcf1d79ac5ad761aa3cfc7f?s=96&d=mm&r=g","url":"https:\/\/secure.gravatar.com\/avatar\/0c97be8873d84c78e7a3da39294dc9e209ea44cdddcf1d79ac5ad761aa3cfc7f?s=96&d=mm&r=g","height":96,"width":96}},"publisher":{"@type":"Organization","name":"terosat.cz","logo":{"@type":"ImageObject","@id":"\/logo.png","url":"\/logo.png","width":600,"height":60}},"image":{"@type":"ImageObject","@id":"https:\/\/www.terosat.cz\/wp-content\/uploads\/img_a300516_w2128_t1510645639.jpg","url":"https:\/\/www.terosat.cz\/wp-content\/uploads\/img_a300516_w2128_t1510645639.jpg","height":0,"width":0},"url":"https:\/\/www.terosat.cz\/zamereno-na-plet\/","wordCount":509,"articleBody":"Kter\u00e1 \u017eena by se necht\u011bla c\u00edtit hezk\u00e1 a p\u0159ita\u017eliv\u00e1? Kr\u00e1sn\u00e9 vlasy, postava a oble\u010den\u00ed v\u0161ak nejsou v\u0161e, co d\u011bl\u00e1 \u017eenu kr\u00e1snou. Pravdou je, \u017ee p\u0159edev\u0161\u00edm kvalita pleti velmi ovliv\u0148uje na\u0161e vlastn\u00ed sebehodnocen\u00ed a pocit spokojenosti.Proto\u017ee jsme v\u0161ak denn\u011b vystavov\u00e1ny \u0161kodliv\u00fdm vliv\u016fm okoln\u00edho prost\u0159ed\u00ed, na\u0161e ple\u0165 na n\u011b z\u00e1konit\u011b negativn\u011b reaguje. Venkovn\u00ed prost\u0159ed\u00ed, zne\u010di\u0161t\u011bn\u00ed, stres, vnit\u0159n\u00ed faktory a tak\u00e9 n\u00e1\u0161 zp\u016fsob \u017eivota vytv\u00e1\u0159ej\u00ed omezen\u00ed, kter\u00e9 zp\u016fsobuj\u00ed, \u017ee na\u0161e ple\u0165 nefunguje tak, jak m\u00e1.V Institut Esthederm si dali za \u00fakol nastartovat spr\u00e1vn\u00e9 fungov\u00e1n\u00ed pleti a zajistit tak v\u0161em \u017een\u00e1m, jej\u00ed dokonalost a kr\u00e1su.Po mnoha letech zku\u0161enost\u00ed jejich odborn\u00edci vypozorovali, \u017ee pro nastartov\u00e1n\u00ed p\u0159irozen\u00fdch proces\u016f v pleti je nej\u00fa\u010dinn\u011bj\u0161\u00ed kombinace dom\u00e1c\u00edho o\u0161et\u0159en\u00ed a o\u0161et\u0159en\u00ed v kosmetick\u00e9m salonu. Aby mohla ple\u0165 nastartovat vlastn\u00ed potenci\u00e1l a fungovala spr\u00e1vn\u011b, pot\u0159ebuje maxim\u00e1ln\u00ed a dokonale \u00fa\u010dinnou p\u00e9\u010di. Ple\u0165 pot\u0159ebuje maxim\u00e1ln\u00ed a \u00fa\u010dinnou p\u00e9\u010di k tomu, aby aktivovala sv\u00e9 vlastn\u00ed vnit\u0159n\u00ed zdroje a fungovala norm\u00e1ln\u011b.VODA \u2013 z\u00e1klad \u017eivotaCelul\u00e1rn\u00ed voda, vytvo\u0159en\u00e1 INSTITUT ESTHEDERM, m\u00e1 unik\u00e1tn\u00ed slo\u017een\u00ed, identick\u00e9 jako voda lidsk\u00e9ho t\u011bla. Poskytuje bu\u0148k\u00e1m optim\u00e1ln\u00ed prost\u0159ed\u00ed pro jejich zdrav\u00fd rozvoj a v\u00fdvoj.Z\u00e1kladn\u00edm kamenem p\u00e9\u010de o ple\u0165 je kvalita pou\u017eit\u00e9 vody. Term\u00e1ln\u00ed voda m\u016f\u017ee za ur\u010dit\u00fdch podm\u00ednek pom\u00e1hat, ale zachov\u00e1n\u00ed zdrav\u00e9 pleti nemus\u00ed b\u00fdt ide\u00e1ln\u00edm \u0159e\u0161en\u00edm. Demineralizovan\u00e1 voda, kter\u00e1 se b\u011b\u017en\u011b pou\u017e\u00edv\u00e1 v kosmetice, je \u010dist\u00e1, ale pro ple\u0165 nep\u0159edstavuje ide\u00e1ln\u00ed prost\u0159ed\u00ed.Proto odborn\u00edci z Institut Esthederm vyvinuli speci\u00e1ln\u00ed bun\u011b\u010dnou vodu, kter\u00e1 m\u00e1 stejn\u00e9 slo\u017een\u00ed jako voda, kterou obsahuje samotn\u00e1 ple\u0165! Tato jedine\u010dn\u00e1 novinka na ple\u0165 p\u016fsob\u00ed doslova jako \u201e\u017eiv\u00e1 voda\u201c. M\u00e1 p\u0159\u00edzniv\u00e9 \u00fa\u010dinky a je bohat\u00fdm zdrojem ob\u017eivy poko\u017eky. CELLULAR WATER SPRAY nav\u00edc maxim\u00e1ln\u011b zvy\u0161uje \u00fa\u010dinnost v\u0161ech ostatn\u00edch kosmetick\u00fdch o\u0161et\u0159en\u00ed. Skv\u011blou zpr\u00e1vou je i to, \u017ee voda d\u00edky sv\u00e9mu slo\u017een\u00ed minimalizuje riziko vzniku alergi\u00ed.CELLULAR WATER SPRAY \u2013 Bun\u011b\u010dn\u00e1 voda v\u00a0spreji\u00b7\u00a0\u00a0\u00a0\u00a0\u00a0 \u00da\u010cINEKPle\u0165 z\u00edsk\u00e1v\u00e1 energii a jej\u00ed vit\u00e1ln\u00ed funkce jsou podpo\u0159en\u00e9. A jej\u00ed bun\u011b\u010dn\u00e1 aktivita je optimalizovan\u00e1. Ple\u0165 je sv\u011b\u017e\u00ed, z\u00e1\u0159\u00ed a je vit\u00e1ln\u011bj\u0161\u00ed.\u00b7\u00a0\u00a0\u00a0\u00a0\u00a0 PRO KOHO JE UR\u010cEN\u00c1Hod\u00ed se pro v\u0161echny typy pleti, ale i pro citlivou ple\u0165, p\u0159edev\u0161\u00edm v\u0161ak pro ple\u0165, kter\u00e1 je vystavena stresu, nebo nespr\u00e1vn\u011b funguje.\u00b7\u00a0\u00a0\u00a0\u00a0\u00a0 POU\u017dIT\u00cdCELLULAR WATER SPRAY nast\u0159\u00edkejtena obli\u010dej a t\u011blo ze vzd\u00e1lenosti zhruba 20 cm a jemn\u011b jej vmas\u00edrujte. Pou\u017eijte p\u0159ed aplikac\u00ed kr\u00e9mu nebo s\u00e9ra, po aplikaci make-upu (fixuje make-up), nebo kdykoliv b\u011bhem dne.                                                                                                                                                                                                                                                                                                                                                                                        3.8\/5 - (9 votes)        "},{"@context":"https:\/\/schema.org\/","@type":"BreadcrumbList","itemListElement":[{"@type":"ListItem","position":1,"name":"Zam\u011b\u0159eno na ple\u0165","item":"https:\/\/www.terosat.cz\/zamereno-na-plet\/#breadcrumbitem"}]}]