[{"@context":"https:\/\/schema.org\/","@type":"Article","@id":"https:\/\/www.terosat.cz\/svatek-sousedu-je-tu-uz-zanedlouho-30-kvetna\/#Article","mainEntityOfPage":"https:\/\/www.terosat.cz\/svatek-sousedu-je-tu-uz-zanedlouho-30-kvetna\/","headline":"Sv\u00e1tek soused\u016f je tu u\u017e zanedlouho &#8211; 30. kv\u011btna","name":"Sv\u00e1tek soused\u016f je tu u\u017e zanedlouho &#8211; 30. kv\u011btna","description":"V\u011bd\u011bli jste, \u017ee se dne 30. 5. slav\u00ed mezin\u00e1rodn\u00ed den soused\u016f? Ne? Tak te\u010f u\u017e to v\u00edte. Trocha informac\u00ed z&nbsp;historie: Sv\u00e1tek soused\u016f je kr\u00e1sn\u00fdm n\u00e1padem pana Atanase P\u00e9rifana, kter\u00fd si tento sv\u00e1tek prosadil u\u017e v&nbsp;roce 1999. Den soused\u016f m\u00e1 slou\u017eit k utu\u017eov\u00e1n\u00ed vztah\u016f se spolubydl\u00edc\u00edmi a sousedy. V \u010cesk\u00e9 republice se sv\u00e1tek soused\u016f za\u010dal slavit [&hellip;]","datePublished":"2023-05-07","dateModified":"2023-05-07","author":{"@type":"Person","@id":"https:\/\/www.terosat.cz\/author\/#Person","name":"","url":"https:\/\/www.terosat.cz\/author\/","identifier":1,"image":{"@type":"ImageObject","@id":"https:\/\/secure.gravatar.com\/avatar\/0c97be8873d84c78e7a3da39294dc9e209ea44cdddcf1d79ac5ad761aa3cfc7f?s=96&d=mm&r=g","url":"https:\/\/secure.gravatar.com\/avatar\/0c97be8873d84c78e7a3da39294dc9e209ea44cdddcf1d79ac5ad761aa3cfc7f?s=96&d=mm&r=g","height":96,"width":96}},"publisher":{"@type":"Organization","name":"terosat.cz","logo":{"@type":"ImageObject","@id":"\/logo.png","url":"\/logo.png","width":600,"height":60}},"image":{"@type":"ImageObject","@id":"https:\/\/www.terosat.cz\/wp-content\/uploads\/img_a344372_w2908_t1558037446.jpg","url":"https:\/\/www.terosat.cz\/wp-content\/uploads\/img_a344372_w2908_t1558037446.jpg","height":0,"width":0},"url":"https:\/\/www.terosat.cz\/svatek-sousedu-je-tu-uz-zanedlouho-30-kvetna\/","about":["Kultura"],"wordCount":440,"articleBody":"V\u011bd\u011bli jste, \u017ee se dne 30. 5. slav\u00ed mezin\u00e1rodn\u00ed den soused\u016f? Ne? Tak te\u010f u\u017e to v\u00edte.Trocha informac\u00ed z&nbsp;historie:Sv\u00e1tek soused\u016f je kr\u00e1sn\u00fdm n\u00e1padem pana Atanase P\u00e9rifana, kter\u00fd si tento sv\u00e1tek prosadil u\u017e v&nbsp;roce 1999. Den soused\u016f m\u00e1 slou\u017eit k utu\u017eov\u00e1n\u00ed vztah\u016f se spolubydl\u00edc\u00edmi a sousedy. V \u010cesk\u00e9 republice se sv\u00e1tek soused\u016f za\u010dal slavit od roku 2001.A co vy? Jestlipak se sch\u00e1z\u00edte se sv\u00fdmi sousedy? V&nbsp;dne\u0161n\u00ed usp\u011bchan\u00e9 dob\u011b se bohu\u017eel lid\u00e9 u\u017e moc nesetk\u00e1vaj\u00ed, zn\u00e1m\u00ed nemaj\u00ed v\u011b\u010dn\u011b \u010das. Hodn\u011b se objevuj\u00ed slova &ndash; te\u010f nem\u016f\u017eu, m\u00e1m hodn\u011b pr\u00e1ce, n\u011bkdy p\u0159\u00ed\u0161t\u011b &hellip;. Uv\u011bdomujete si, \u017ee u\u017e nemus\u00ed b\u00fdt n\u011bkdy p\u0159\u00ed\u0161t\u011b? \u017de sv\u00fdch slov m\u016f\u017eete i litovat, kdy\u017e odm\u00edtnete pozv\u00e1n\u00ed va\u0161eho dlouholet\u00e9ho kamar\u00e1da s&nbsp;t\u00edm, \u017ee nem\u016f\u017eete? Mo\u017en\u00e1 se v\u00e1m nechce, jste unaveni, nejrad\u011bji byste zalezli dom\u016f a zabouchli za sebou dve\u0159e. Rozum\u00edm v\u00e1m. Jen\u017ee ono n\u011bkdy je dobr\u00e9 p\u0159ekonat svou nechu\u0165 a na to pivko, sklenku s&nbsp;kamar\u00e1dem zaj\u00edt. U\u017e jen to, \u017ee spolu budete sd\u00edlet svou p\u0159\u00edtomnost, sv\u00e9 dojmy, o\u017eiv\u00edte si sv\u00e9 z\u00e1\u017eitky, zavzpom\u00edn\u00e1te. Uvoln\u00edte se.Dne\u0161n\u00ed doba nep\u0159eje setk\u00e1n\u00edm. Je p\u0159\u00edli\u0161 rychl\u00e1. Rychl\u00e9 po\u010d\u00edta\u010de, rychl\u00e9 mobily, rychl\u00e1 auta, rychle za sebou zav\u0159\u00edt dve\u0159e.Odho\u010fme alespo\u0148 n\u011bkdy sv\u00e9 vysoce v\u00fdkonn\u00e9 po\u010d\u00edta\u010de, mobily, SMART LED Ultra ohromn\u00e9 obrazovky a p\u0159esta\u0148me vn\u00edmat televizn\u00ed nekone\u010dn\u00e9 seri\u00e1ly. Vypn\u011bte televizi, vypn\u011bte mozek a relaxujte.Zatelefonujte sv\u00e9mu kamar\u00e1dovi, p\u0159\u00edtelkyni, pozv\u011bte sousedy na odpoledn\u00ed k\u00e1vu. A pov\u00eddejte si, hrajte \u017eol\u00edky, kanastu. Vymyslete pro v\u00e1s v\u0161echny i va\u0161e d\u011bti, by\u0165 i kr\u00e1tk\u00fd v\u00fdlet na kole. Uspo\u0159\u00e1dejte se sousedy utk\u00e1n\u00ed t\u0159eba i v&nbsp;\u010clov\u011b\u010de, nezlob se! U\u017eijete si u toho ur\u010dit\u011b spoustu legrace, obnovte hry, kter\u00e9 jste jako d\u011bti hr\u00e1ly v&nbsp;d\u011btstv\u00ed, zavzpom\u00ednejte a: Setk\u00e1vejte se! \u010clov\u00ed\u010dek pot\u0159ebuje sd\u00edlen\u00ed, m\u00edt komu co \u0159\u00edci. A hlavn\u011b &ndash; poslouchejte se navz\u00e1jem.Inu, co\u017e takhle pokra\u010dovat v&nbsp;nastaven\u00e9 tradici panem Perifanem u v\u00e1s ve m\u011bst\u011b, na vesnici, na samot\u011b u lesa, v&nbsp;ulici &ndash; vyhl\u00e1sit Sv\u00e1tek soused\u016f, a to 30. kv\u011btna?&nbsp;                                                                                                                                                                                                                                                                                                                                                                                        4.6\/5 - (7 votes)        "},{"@context":"https:\/\/schema.org\/","@type":"BreadcrumbList","itemListElement":[{"@type":"ListItem","position":1,"name":"Sv\u00e1tek soused\u016f je tu u\u017e zanedlouho &#8211; 30. kv\u011btna","item":"https:\/\/www.terosat.cz\/svatek-sousedu-je-tu-uz-zanedlouho-30-kvetna\/#breadcrumbitem"}]}]